{"id":13850,"date":"2022-09-10T12:01:07","date_gmt":"2022-09-10T10:01:07","guid":{"rendered":"https:\/\/www.irisevent.fr\/?p=13850"},"modified":"2026-04-08T11:49:20","modified_gmt":"2026-04-08T09:49:20","slug":"le-costa-rica-pura-vida","status":"publish","type":"post","link":"https:\/\/www.irisevent.fr\/es\/le-costa-rica-pura-vida\/","title":{"rendered":"Le Costa Rica, pura vida!"},"content":{"rendered":"\t\t<div data-elementor-type=\"wp-post\" data-elementor-id=\"13850\" class=\"elementor elementor-13850\" data-elementor-post-type=\"post\">\n\t\t\t\t<div class=\"elementor-element elementor-element-0be4244 e-flex e-con-boxed e-con e-parent\" data-id=\"0be4244\" data-element_type=\"container\" data-e-type=\"container\">\n\t\t\t\t\t<div class=\"e-con-inner\">\n\t\t\t\t<div class=\"elementor-element elementor-element-a0dd6d5 elementor-widget elementor-widget-heading\" data-id=\"a0dd6d5\" data-element_type=\"widget\" data-e-type=\"widget\" data-widget_type=\"heading.default\">\n\t\t\t\t\t<h2 class=\"elementor-heading-title elementor-size-default\">La nature est partout au Costa Rica<\/h2>\t\t\t\t<\/div>\n\t\t\t\t\t<\/div>\n\t\t\t\t<\/div>\n\t\t<div class=\"elementor-element elementor-element-be9bd52 e-flex e-con-boxed e-con e-parent\" data-id=\"be9bd52\" data-element_type=\"container\" data-e-type=\"container\">\n\t\t\t\t\t<div class=\"e-con-inner\">\n\t\t\t\t<div class=\"elementor-element elementor-element-61923ed elementor-widget elementor-widget-text-editor\" data-id=\"61923ed\" data-element_type=\"widget\" data-e-type=\"widget\" data-widget_type=\"text-editor.default\">\n\t\t\t\t\t\t\t\t\t<p>Nous vous proposons de renouer avec des <a href=\"https:\/\/www.irisevent.fr\/pays\/voyage-costa-rica-sur-mesure\/\">voyages sur mesure authentiques au Costa-Rica<\/a>, au plus pr\u00e8s de la nature, au contact de la faune et de la flore.<\/p><p>Traverser des \u00e9tendues avec pour seule couleur le vert, celui de la for\u00eat primaire, d&#8217;une nature exub\u00e9rante, gris\u00e9e par l&#8217;humidit\u00e9 de la for\u00eat de nuages.<\/p><p>Le Costa Rica est un parc g\u00e9ant \u00e0 ciel ouvert. Ici pas d&#8217;arm\u00e9e pas de zoo, vous \u00eates au paradis des naturalistes, au coeur de ce que nous r\u00eavons tous un jour de connaitre: ouvrir les yeux et contempler.<\/p><p>Un<em> coast to coast<\/em> &#8211; Cara\u00efbes Pacifique &#8211; du sable gris de Tortuguero au sable blanc de Quepos. Le vert d&#8217;Arenal et le bleu de Rio Celeste.<\/p><p>Le Costa Rica est une merveille o\u00f9 alternent les couleurs, les paysages, les temp\u00e9ratures.<\/p><p>Ici, paresseux, grenouilles, singes, mapache, et encore plein d&#8217;autres animaux sauvages seront vos compagnons de voyage.<\/p><p>Les surfers seront ravis de d\u00e9couvrir les plages de Tamarindo sur la c\u00f4te pacifique.<\/p><p>Venez avec vos id\u00e9es, vos envies, vous y partirez avec le voyage id\u00e9al. Celui que nous vous aurons concoct\u00e9.<\/p>\t\t\t\t\t\t\t\t<\/div>\n\t\t\t\t\t<\/div>\n\t\t\t\t<\/div>\n\t\t<div class=\"elementor-element elementor-element-0ab4faa e-flex e-con-boxed e-con e-parent\" data-id=\"0ab4faa\" data-element_type=\"container\" data-e-type=\"container\">\n\t\t\t\t\t<div class=\"e-con-inner\">\n\t\t\t\t<div class=\"elementor-element elementor-element-82f9f09 elementor-widget elementor-widget-image-gallery\" data-id=\"82f9f09\" data-element_type=\"widget\" data-e-type=\"widget\" data-widget_type=\"image-gallery.default\">\n\t\t\t\t\t\t\t<div class=\"elementor-image-gallery\">\n\t\t\t<div id='gallery-1' class='gallery galleryid-13850 gallery-columns-4 gallery-size-thumbnail'><figure class='gallery-item'>\n\t\t\t<div class='gallery-icon portrait'>\n\t\t\t\t<a data-elementor-open-lightbox=\"yes\" data-elementor-lightbox-slideshow=\"82f9f09\" data-elementor-lightbox-title=\"Le Costa Rica avec IRIS EVENT\" data-e-action-hash=\"#elementor-action%3Aaction%3Dlightbox%26settings%3DeyJpZCI6MTM4NTMsInVybCI6Imh0dHBzOlwvXC93d3cuaXJpc2V2ZW50LmZyXC93cC1jb250ZW50XC91cGxvYWRzXC8yMDIyXC8wOVwvc2VsaW5hLWJ1YmVuZG9yZmVyLVgzekZkTFZRTEtFLXVuc3BsYXNoLXNjYWxlZC5qcGciLCJzbGlkZXNob3ciOiI4MmY5ZjA5In0%3D\" href='https:\/\/www.irisevent.fr\/wp-content\/uploads\/2022\/09\/selina-bubendorfer-X3zFdLVQLKE-unsplash-scaled.jpg'><img width=\"150\" height=\"150\" src=\"https:\/\/www.irisevent.fr\/wp-content\/uploads\/2022\/09\/selina-bubendorfer-X3zFdLVQLKE-unsplash-150x150.jpg\" class=\"attachment-thumbnail size-thumbnail\" alt=\"\" decoding=\"async\" srcset=\"https:\/\/www.irisevent.fr\/wp-content\/uploads\/2022\/09\/selina-bubendorfer-X3zFdLVQLKE-unsplash-150x150.jpg 150w, https:\/\/www.irisevent.fr\/wp-content\/uploads\/2022\/09\/selina-bubendorfer-X3zFdLVQLKE-unsplash-100x100.jpg 100w, https:\/\/www.irisevent.fr\/wp-content\/uploads\/2022\/09\/selina-bubendorfer-X3zFdLVQLKE-unsplash-500x500.jpg 500w\" sizes=\"(max-width: 150px) 100vw, 150px\" \/><\/a>\n\t\t\t<\/div><\/figure><figure class='gallery-item'>\n\t\t\t<div class='gallery-icon landscape'>\n\t\t\t\t<a data-elementor-open-lightbox=\"yes\" data-elementor-lightbox-slideshow=\"82f9f09\" data-elementor-lightbox-title=\"Le Costa Rica avec IRIS EVENT\" data-e-action-hash=\"#elementor-action%3Aaction%3Dlightbox%26settings%3DeyJpZCI6MTM4NTUsInVybCI6Imh0dHBzOlwvXC93d3cuaXJpc2V2ZW50LmZyXC93cC1jb250ZW50XC91cGxvYWRzXC8yMDIyXC8wOVwvc2xvdGgtZ2I1NzAxMzI1ZV8xOTIwLmpwZyIsInNsaWRlc2hvdyI6IjgyZjlmMDkifQ%3D%3D\" href='https:\/\/www.irisevent.fr\/wp-content\/uploads\/2022\/09\/sloth-gb5701325e_1920.jpg'><img width=\"150\" height=\"150\" src=\"https:\/\/www.irisevent.fr\/wp-content\/uploads\/2022\/09\/sloth-gb5701325e_1920-150x150.jpg\" class=\"attachment-thumbnail size-thumbnail\" alt=\"\" decoding=\"async\" srcset=\"https:\/\/www.irisevent.fr\/wp-content\/uploads\/2022\/09\/sloth-gb5701325e_1920-150x150.jpg 150w, https:\/\/www.irisevent.fr\/wp-content\/uploads\/2022\/09\/sloth-gb5701325e_1920-100x100.jpg 100w, https:\/\/www.irisevent.fr\/wp-content\/uploads\/2022\/09\/sloth-gb5701325e_1920-500x500.jpg 500w\" sizes=\"(max-width: 150px) 100vw, 150px\" \/><\/a>\n\t\t\t<\/div><\/figure><figure class='gallery-item'>\n\t\t\t<div class='gallery-icon portrait'>\n\t\t\t\t<a data-elementor-open-lightbox=\"yes\" data-elementor-lightbox-slideshow=\"82f9f09\" data-elementor-lightbox-title=\"Le Costa Rica avec IRIS EVENT\" data-e-action-hash=\"#elementor-action%3Aaction%3Dlightbox%26settings%3DeyJpZCI6MTM4NTcsInVybCI6Imh0dHBzOlwvXC93d3cuaXJpc2V2ZW50LmZyXC93cC1jb250ZW50XC91cGxvYWRzXC8yMDIyXC8wOVwvSU1HXzIyMTEuanBnIiwic2xpZGVzaG93IjoiODJmOWYwOSJ9\" href='https:\/\/www.irisevent.fr\/wp-content\/uploads\/2022\/09\/IMG_2211.jpg'><img width=\"150\" height=\"150\" src=\"https:\/\/www.irisevent.fr\/wp-content\/uploads\/2022\/09\/IMG_2211-150x150.jpg\" class=\"attachment-thumbnail size-thumbnail\" alt=\"\" decoding=\"async\" srcset=\"https:\/\/www.irisevent.fr\/wp-content\/uploads\/2022\/09\/IMG_2211-150x150.jpg 150w, https:\/\/www.irisevent.fr\/wp-content\/uploads\/2022\/09\/IMG_2211-100x100.jpg 100w, https:\/\/www.irisevent.fr\/wp-content\/uploads\/2022\/09\/IMG_2211-500x500.jpg 500w\" sizes=\"(max-width: 150px) 100vw, 150px\" \/><\/a>\n\t\t\t<\/div><\/figure><figure class='gallery-item'>\n\t\t\t<div class='gallery-icon landscape'>\n\t\t\t\t<a data-elementor-open-lightbox=\"yes\" data-elementor-lightbox-slideshow=\"82f9f09\" data-elementor-lightbox-title=\"Le Costa Rica avec IRIS EVENT\" data-e-action-hash=\"#elementor-action%3Aaction%3Dlightbox%26settings%3DeyJpZCI6MTM4NTksInVybCI6Imh0dHBzOlwvXC93d3cuaXJpc2V2ZW50LmZyXC93cC1jb250ZW50XC91cGxvYWRzXC8yMDIyXC8wOVwvSU1HXzIyMTAuanBnIiwic2xpZGVzaG93IjoiODJmOWYwOSJ9\" href='https:\/\/www.irisevent.fr\/wp-content\/uploads\/2022\/09\/IMG_2210.jpg'><img loading=\"lazy\" width=\"150\" height=\"150\" src=\"https:\/\/www.irisevent.fr\/wp-content\/uploads\/2022\/09\/IMG_2210-150x150.jpg\" class=\"attachment-thumbnail size-thumbnail\" alt=\"\" decoding=\"async\" srcset=\"https:\/\/www.irisevent.fr\/wp-content\/uploads\/2022\/09\/IMG_2210-150x150.jpg 150w, https:\/\/www.irisevent.fr\/wp-content\/uploads\/2022\/09\/IMG_2210-100x100.jpg 100w, https:\/\/www.irisevent.fr\/wp-content\/uploads\/2022\/09\/IMG_2210-500x500.jpg 500w\" sizes=\"(max-width: 150px) 100vw, 150px\" \/><\/a>\n\t\t\t<\/div><\/figure><figure class='gallery-item'>\n\t\t\t<div class='gallery-icon landscape'>\n\t\t\t\t<a data-elementor-open-lightbox=\"yes\" data-elementor-lightbox-slideshow=\"82f9f09\" data-elementor-lightbox-title=\"Le Costa Rica avec IRIS EVENT\" data-e-action-hash=\"#elementor-action%3Aaction%3Dlightbox%26settings%3DeyJpZCI6MTM4NjEsInVybCI6Imh0dHBzOlwvXC93d3cuaXJpc2V2ZW50LmZyXC93cC1jb250ZW50XC91cGxvYWRzXC8yMDIyXC8wOVwvSU1HXzIyMDkuanBnIiwic2xpZGVzaG93IjoiODJmOWYwOSJ9\" href='https:\/\/www.irisevent.fr\/wp-content\/uploads\/2022\/09\/IMG_2209.jpg'><img loading=\"lazy\" width=\"150\" height=\"150\" src=\"https:\/\/www.irisevent.fr\/wp-content\/uploads\/2022\/09\/IMG_2209-150x150.jpg\" class=\"attachment-thumbnail size-thumbnail\" alt=\"\" decoding=\"async\" srcset=\"https:\/\/www.irisevent.fr\/wp-content\/uploads\/2022\/09\/IMG_2209-150x150.jpg 150w, https:\/\/www.irisevent.fr\/wp-content\/uploads\/2022\/09\/IMG_2209-100x100.jpg 100w, https:\/\/www.irisevent.fr\/wp-content\/uploads\/2022\/09\/IMG_2209-500x500.jpg 500w\" sizes=\"(max-width: 150px) 100vw, 150px\" \/><\/a>\n\t\t\t<\/div><\/figure><figure class='gallery-item'>\n\t\t\t<div class='gallery-icon portrait'>\n\t\t\t\t<a data-elementor-open-lightbox=\"yes\" data-elementor-lightbox-slideshow=\"82f9f09\" data-elementor-lightbox-title=\"Le Costa Rica avec IRIS EVENT\" data-e-action-hash=\"#elementor-action%3Aaction%3Dlightbox%26settings%3DeyJpZCI6MTM4NjMsInVybCI6Imh0dHBzOlwvXC93d3cuaXJpc2V2ZW50LmZyXC93cC1jb250ZW50XC91cGxvYWRzXC8yMDIyXC8wOVwvZXpnaS1raW1iYWxsLUpHOGpDTUVGaERnLXVuc3BsYXNoLXNjYWxlZC5qcGciLCJzbGlkZXNob3ciOiI4MmY5ZjA5In0%3D\" href='https:\/\/www.irisevent.fr\/wp-content\/uploads\/2022\/09\/ezgi-kimball-JG8jCMEFhDg-unsplash-scaled.jpg'><img loading=\"lazy\" width=\"150\" height=\"150\" src=\"https:\/\/www.irisevent.fr\/wp-content\/uploads\/2022\/09\/ezgi-kimball-JG8jCMEFhDg-unsplash-150x150.jpg\" class=\"attachment-thumbnail size-thumbnail\" alt=\"\" decoding=\"async\" srcset=\"https:\/\/www.irisevent.fr\/wp-content\/uploads\/2022\/09\/ezgi-kimball-JG8jCMEFhDg-unsplash-150x150.jpg 150w, https:\/\/www.irisevent.fr\/wp-content\/uploads\/2022\/09\/ezgi-kimball-JG8jCMEFhDg-unsplash-100x100.jpg 100w, https:\/\/www.irisevent.fr\/wp-content\/uploads\/2022\/09\/ezgi-kimball-JG8jCMEFhDg-unsplash-500x500.jpg 500w\" sizes=\"(max-width: 150px) 100vw, 150px\" \/><\/a>\n\t\t\t<\/div><\/figure><figure class='gallery-item'>\n\t\t\t<div class='gallery-icon portrait'>\n\t\t\t\t<a data-elementor-open-lightbox=\"yes\" data-elementor-lightbox-slideshow=\"82f9f09\" data-elementor-lightbox-title=\"Le Costa Rica avec IRIS EVENT\" data-e-action-hash=\"#elementor-action%3Aaction%3Dlightbox%26settings%3DeyJpZCI6MTM4NjUsInVybCI6Imh0dHBzOlwvXC93d3cuaXJpc2V2ZW50LmZyXC93cC1jb250ZW50XC91cGxvYWRzXC8yMDIyXC8wOVwvZXRpZW5uZS1kZWxvcmlldXgtTlpwbDR5eFljTWctdW5zcGxhc2gtc2NhbGVkLmpwZyIsInNsaWRlc2hvdyI6IjgyZjlmMDkifQ%3D%3D\" href='https:\/\/www.irisevent.fr\/wp-content\/uploads\/2022\/09\/etienne-delorieux-NZpl4yxYcMg-unsplash-scaled.jpg'><img loading=\"lazy\" width=\"150\" height=\"150\" src=\"https:\/\/www.irisevent.fr\/wp-content\/uploads\/2022\/09\/etienne-delorieux-NZpl4yxYcMg-unsplash-150x150.jpg\" class=\"attachment-thumbnail size-thumbnail\" alt=\"\" decoding=\"async\" srcset=\"https:\/\/www.irisevent.fr\/wp-content\/uploads\/2022\/09\/etienne-delorieux-NZpl4yxYcMg-unsplash-150x150.jpg 150w, https:\/\/www.irisevent.fr\/wp-content\/uploads\/2022\/09\/etienne-delorieux-NZpl4yxYcMg-unsplash-100x100.jpg 100w, https:\/\/www.irisevent.fr\/wp-content\/uploads\/2022\/09\/etienne-delorieux-NZpl4yxYcMg-unsplash-500x500.jpg 500w\" sizes=\"(max-width: 150px) 100vw, 150px\" \/><\/a>\n\t\t\t<\/div><\/figure><figure class='gallery-item'>\n\t\t\t<div class='gallery-icon portrait'>\n\t\t\t\t<a data-elementor-open-lightbox=\"yes\" data-elementor-lightbox-slideshow=\"82f9f09\" data-elementor-lightbox-title=\"Le Costa Rica avec IRIS EVENT\" data-e-action-hash=\"#elementor-action%3Aaction%3Dlightbox%26settings%3DeyJpZCI6MTM4NjcsInVybCI6Imh0dHBzOlwvXC93d3cuaXJpc2V2ZW50LmZyXC93cC1jb250ZW50XC91cGxvYWRzXC8yMDIyXC8wOVwvZXRpZW5uZS1kZWxvcmlldXgtZFlvQkdfbzN0QmstdW5zcGxhc2gtc2NhbGVkLmpwZyIsInNsaWRlc2hvdyI6IjgyZjlmMDkifQ%3D%3D\" href='https:\/\/www.irisevent.fr\/wp-content\/uploads\/2022\/09\/etienne-delorieux-dYoBG_o3tBk-unsplash-scaled.jpg'><img loading=\"lazy\" width=\"150\" height=\"150\" src=\"https:\/\/www.irisevent.fr\/wp-content\/uploads\/2022\/09\/etienne-delorieux-dYoBG_o3tBk-unsplash-150x150.jpg\" class=\"attachment-thumbnail size-thumbnail\" alt=\"\" decoding=\"async\" srcset=\"https:\/\/www.irisevent.fr\/wp-content\/uploads\/2022\/09\/etienne-delorieux-dYoBG_o3tBk-unsplash-150x150.jpg 150w, https:\/\/www.irisevent.fr\/wp-content\/uploads\/2022\/09\/etienne-delorieux-dYoBG_o3tBk-unsplash-100x100.jpg 100w, https:\/\/www.irisevent.fr\/wp-content\/uploads\/2022\/09\/etienne-delorieux-dYoBG_o3tBk-unsplash-500x500.jpg 500w\" sizes=\"(max-width: 150px) 100vw, 150px\" \/><\/a>\n\t\t\t<\/div><\/figure>\n\t\t<\/div>\n\t\t<\/div>\n\t\t\t\t\t\t<\/div>\n\t\t\t\t\t<\/div>\n\t\t\t\t<\/div>\n\t\t\t\t<\/div>\n\t\t","protected":false},"excerpt":{"rendered":"<p>La nature est partout au Costa Rica Nous vous proposons de renouer avec des voyages sur mesure authentiques au Costa-Rica, au plus pr\u00e8s de la nature, au contact de la faune et de la flore. Traverser des \u00e9tendues avec pour seule couleur le vert, celui de la for\u00eat primaire, d&#8217;une nature exub\u00e9rante, gris\u00e9e par l&#8217;humidit\u00e9 [&hellip;]<\/p>\n","protected":false},"author":3,"featured_media":13869,"comment_status":"closed","ping_status":"closed","sticky":false,"template":"","format":"standard","meta":{"_acf_changed":false,"footnotes":""},"categories":[89,100],"tags":[],"class_list":["post-13850","post","type-post","status-publish","format-standard","has-post-thumbnail","hentry","category-actu-iris","category-sin-categorizar"],"acf":[],"yoast_head":"<!-- This site is optimized with the Yoast SEO plugin v27.3 - https:\/\/yoast.com\/product\/yoast-seo-wordpress\/ -->\n<title>Le Costa Rica, pura vida! - Iris Event agence de voyages<\/title>\n<meta name=\"robots\" content=\"index, follow, max-snippet:-1, max-image-preview:large, max-video-preview:-1\" \/>\n<link rel=\"canonical\" href=\"https:\/\/www.irisevent.fr\/es\/le-costa-rica-pura-vida\/\" \/>\n<meta property=\"og:locale\" content=\"es_ES\" \/>\n<meta property=\"og:type\" content=\"article\" \/>\n<meta property=\"og:title\" content=\"Le Costa Rica, pura vida! - Iris Event agence de voyages\" \/>\n<meta property=\"og:description\" content=\"La nature est partout au Costa Rica Nous vous proposons de renouer avec des voyages sur mesure authentiques au Costa-Rica, au plus pr\u00e8s de la nature, au contact de la faune et de la flore. Traverser des \u00e9tendues avec pour seule couleur le vert, celui de la for\u00eat primaire, d&#8217;une nature exub\u00e9rante, gris\u00e9e par l&#8217;humidit\u00e9 [&hellip;]\" \/>\n<meta property=\"og:url\" content=\"https:\/\/www.irisevent.fr\/es\/le-costa-rica-pura-vida\/\" \/>\n<meta property=\"og:site_name\" content=\"Iris Event agence de voyages\" \/>\n<meta property=\"article:publisher\" content=\"https:\/\/www.facebook.com\/irisevent\" \/>\n<meta property=\"article:published_time\" content=\"2022-09-10T10:01:07+00:00\" \/>\n<meta property=\"article:modified_time\" content=\"2026-04-08T09:49:20+00:00\" \/>\n<meta property=\"og:image\" content=\"https:\/\/www.irisevent.fr\/wp-content\/uploads\/2022\/09\/IMG_2208.jpg\" \/>\n\t<meta property=\"og:image:width\" content=\"1287\" \/>\n\t<meta property=\"og:image:height\" content=\"1931\" \/>\n\t<meta property=\"og:image:type\" content=\"image\/jpeg\" \/>\n<meta name=\"author\" content=\"patrick\" \/>\n<meta name=\"twitter:card\" content=\"summary_large_image\" \/>\n<meta name=\"twitter:creator\" content=\"@Iriseventfrance\" \/>\n<meta name=\"twitter:site\" content=\"@Iriseventfrance\" \/>\n<meta name=\"twitter:label1\" content=\"Escrito por\" \/>\n\t<meta name=\"twitter:data1\" content=\"patrick\" \/>\n\t<meta name=\"twitter:label2\" content=\"Tiempo de lectura\" \/>\n\t<meta name=\"twitter:data2\" content=\"3 minutos\" \/>\n<!-- \/ Yoast SEO plugin. -->","yoast_head_json":{"title":"Le Costa Rica, pura vida! - Iris Event agence de voyages","robots":{"index":"index","follow":"follow","max-snippet":"max-snippet:-1","max-image-preview":"max-image-preview:large","max-video-preview":"max-video-preview:-1"},"canonical":"https:\/\/www.irisevent.fr\/es\/le-costa-rica-pura-vida\/","og_locale":"es_ES","og_type":"article","og_title":"Le Costa Rica, pura vida! - Iris Event agence de voyages","og_description":"La nature est partout au Costa Rica Nous vous proposons de renouer avec des voyages sur mesure authentiques au Costa-Rica, au plus pr\u00e8s de la nature, au contact de la faune et de la flore. Traverser des \u00e9tendues avec pour seule couleur le vert, celui de la for\u00eat primaire, d&#8217;une nature exub\u00e9rante, gris\u00e9e par l&#8217;humidit\u00e9 [&hellip;]","og_url":"https:\/\/www.irisevent.fr\/es\/le-costa-rica-pura-vida\/","og_site_name":"Iris Event agence de voyages","article_publisher":"https:\/\/www.facebook.com\/irisevent","article_published_time":"2022-09-10T10:01:07+00:00","article_modified_time":"2026-04-08T09:49:20+00:00","og_image":[{"width":1287,"height":1931,"url":"https:\/\/www.irisevent.fr\/wp-content\/uploads\/2022\/09\/IMG_2208.jpg","type":"image\/jpeg"}],"author":"patrick","twitter_card":"summary_large_image","twitter_creator":"@Iriseventfrance","twitter_site":"@Iriseventfrance","twitter_misc":{"Escrito por":"patrick","Tiempo de lectura":"3 minutos"},"schema":{"@context":"https:\/\/schema.org","@graph":[{"@type":"Article","@id":"https:\/\/www.irisevent.fr\/es\/le-costa-rica-pura-vida\/#article","isPartOf":{"@id":"https:\/\/www.irisevent.fr\/es\/le-costa-rica-pura-vida\/"},"author":{"name":"patrick","@id":"https:\/\/www.irisevent.fr\/es\/#\/schema\/person\/c4a334fe6df270b4f783fced084d9432"},"headline":"Le Costa Rica, pura vida!","datePublished":"2022-09-10T10:01:07+00:00","dateModified":"2026-04-08T09:49:20+00:00","mainEntityOfPage":{"@id":"https:\/\/www.irisevent.fr\/es\/le-costa-rica-pura-vida\/"},"wordCount":212,"publisher":{"@id":"https:\/\/www.irisevent.fr\/es\/#organization"},"image":{"@id":"https:\/\/www.irisevent.fr\/es\/le-costa-rica-pura-vida\/#primaryimage"},"thumbnailUrl":"https:\/\/www.irisevent.fr\/wp-content\/uploads\/2022\/09\/IMG_2208.jpg","articleSection":["Actu Iris","Sin categorizar"],"inLanguage":"es"},{"@type":"WebPage","@id":"https:\/\/www.irisevent.fr\/es\/le-costa-rica-pura-vida\/","url":"https:\/\/www.irisevent.fr\/es\/le-costa-rica-pura-vida\/","name":"Le Costa Rica, pura vida! - Iris Event agence de voyages","isPartOf":{"@id":"https:\/\/www.irisevent.fr\/es\/#website"},"primaryImageOfPage":{"@id":"https:\/\/www.irisevent.fr\/es\/le-costa-rica-pura-vida\/#primaryimage"},"image":{"@id":"https:\/\/www.irisevent.fr\/es\/le-costa-rica-pura-vida\/#primaryimage"},"thumbnailUrl":"https:\/\/www.irisevent.fr\/wp-content\/uploads\/2022\/09\/IMG_2208.jpg","datePublished":"2022-09-10T10:01:07+00:00","dateModified":"2026-04-08T09:49:20+00:00","breadcrumb":{"@id":"https:\/\/www.irisevent.fr\/es\/le-costa-rica-pura-vida\/#breadcrumb"},"inLanguage":"es","potentialAction":[{"@type":"ReadAction","target":["https:\/\/www.irisevent.fr\/es\/le-costa-rica-pura-vida\/"]}]},{"@type":"ImageObject","inLanguage":"es","@id":"https:\/\/www.irisevent.fr\/es\/le-costa-rica-pura-vida\/#primaryimage","url":"https:\/\/www.irisevent.fr\/wp-content\/uploads\/2022\/09\/IMG_2208.jpg","contentUrl":"https:\/\/www.irisevent.fr\/wp-content\/uploads\/2022\/09\/IMG_2208.jpg","width":1287,"height":1931},{"@type":"BreadcrumbList","@id":"https:\/\/www.irisevent.fr\/es\/le-costa-rica-pura-vida\/#breadcrumb","itemListElement":[{"@type":"ListItem","position":1,"name":"Accueil","item":"https:\/\/www.irisevent.fr\/es\/"},{"@type":"ListItem","position":2,"name":"Le Costa Rica, pura vida!"}]},{"@type":"WebSite","@id":"https:\/\/www.irisevent.fr\/es\/#website","url":"https:\/\/www.irisevent.fr\/es\/","name":"Iris Event agence de voyages","description":"Voyages sur mesure","publisher":{"@id":"https:\/\/www.irisevent.fr\/es\/#organization"},"potentialAction":[{"@type":"SearchAction","target":{"@type":"EntryPoint","urlTemplate":"https:\/\/www.irisevent.fr\/es\/?s={search_term_string}"},"query-input":{"@type":"PropertyValueSpecification","valueRequired":true,"valueName":"search_term_string"}}],"inLanguage":"es"},{"@type":"Organization","@id":"https:\/\/www.irisevent.fr\/es\/#organization","name":"Iris Event","url":"https:\/\/www.irisevent.fr\/es\/","logo":{"@type":"ImageObject","inLanguage":"es","@id":"https:\/\/www.irisevent.fr\/es\/#\/schema\/logo\/image\/","url":"https:\/\/www.irisevent.fr\/wp-content\/uploads\/2022\/05\/favicon-rpond-irisevent-500x500-1.png","contentUrl":"https:\/\/www.irisevent.fr\/wp-content\/uploads\/2022\/05\/favicon-rpond-irisevent-500x500-1.png","width":500,"height":500,"caption":"Iris Event"},"image":{"@id":"https:\/\/www.irisevent.fr\/es\/#\/schema\/logo\/image\/"},"sameAs":["https:\/\/www.facebook.com\/irisevent","https:\/\/x.com\/Iriseventfrance","https:\/\/instagram.com\/agence.iris.event\/","https:\/\/www.youtube.com\/channel\/UC3EmMvNVJmg4pSlf2I1nFgA","https:\/\/www.pinterest.fr\/irisevent\/_created\/"]},{"@type":"Person","@id":"https:\/\/www.irisevent.fr\/es\/#\/schema\/person\/c4a334fe6df270b4f783fced084d9432","name":"patrick","image":{"@type":"ImageObject","inLanguage":"es","@id":"https:\/\/secure.gravatar.com\/avatar\/74caf605725e441069d00fd856a2890515d97103442dba75a3289c198329f2ff?s=96&d=mm&r=g","url":"https:\/\/secure.gravatar.com\/avatar\/74caf605725e441069d00fd856a2890515d97103442dba75a3289c198329f2ff?s=96&d=mm&r=g","contentUrl":"https:\/\/secure.gravatar.com\/avatar\/74caf605725e441069d00fd856a2890515d97103442dba75a3289c198329f2ff?s=96&d=mm&r=g","caption":"patrick"}}]}},"_links":{"self":[{"href":"https:\/\/www.irisevent.fr\/es\/wp-json\/wp\/v2\/posts\/13850","targetHints":{"allow":["GET"]}}],"collection":[{"href":"https:\/\/www.irisevent.fr\/es\/wp-json\/wp\/v2\/posts"}],"about":[{"href":"https:\/\/www.irisevent.fr\/es\/wp-json\/wp\/v2\/types\/post"}],"author":[{"embeddable":true,"href":"https:\/\/www.irisevent.fr\/es\/wp-json\/wp\/v2\/users\/3"}],"replies":[{"embeddable":true,"href":"https:\/\/www.irisevent.fr\/es\/wp-json\/wp\/v2\/comments?post=13850"}],"version-history":[{"count":1,"href":"https:\/\/www.irisevent.fr\/es\/wp-json\/wp\/v2\/posts\/13850\/revisions"}],"predecessor-version":[{"id":17785,"href":"https:\/\/www.irisevent.fr\/es\/wp-json\/wp\/v2\/posts\/13850\/revisions\/17785"}],"wp:featuredmedia":[{"embeddable":true,"href":"https:\/\/www.irisevent.fr\/es\/wp-json\/wp\/v2\/media\/13869"}],"wp:attachment":[{"href":"https:\/\/www.irisevent.fr\/es\/wp-json\/wp\/v2\/media?parent=13850"}],"wp:term":[{"taxonomy":"category","embeddable":true,"href":"https:\/\/www.irisevent.fr\/es\/wp-json\/wp\/v2\/categories?post=13850"},{"taxonomy":"post_tag","embeddable":true,"href":"https:\/\/www.irisevent.fr\/es\/wp-json\/wp\/v2\/tags?post=13850"}],"curies":[{"name":"wp","href":"https:\/\/api.w.org\/{rel}","templated":true}]}}